{"id":332,"date":"2015-11-18T12:02:57","date_gmt":"2015-11-18T10:02:57","guid":{"rendered":"http:\/\/www.xact-live.de\/mali-netz\/?p=332"},"modified":"2015-11-18T12:03:40","modified_gmt":"2015-11-18T10:03:40","slug":"africa-co-operation-e-v-fahrt-nach-mali-in-planung","status":"publish","type":"post","link":"http:\/\/www.xact-live.de\/mali-netz\/2015\/11\/18\/africa-co-operation-e-v-fahrt-nach-mali-in-planung\/","title":{"rendered":"africa-co-operation e.V. &#8211;  Fahrt nach Mali in Planung"},"content":{"rendered":"<h2>N\u00e4chste Fahrt in Planung \u2013 Starttermin f\u00fcr Anfang Januar\u00a02015 angepeilt!<\/h2>\n<p>Die n\u00e4chste Reise steht bevor und soweit \u00fcberhaupt in diesen unsicheren Zeiten geplant werden kann, soll diese im Januar durchgef\u00fchrt werden. Zur Umsetzung muss zuerst ein \u00fcblicher Transporter gefunden werden. Bevorzugt werden wie schon bei den letzten Fahrten Toyota Hiace, MB Sprinter und zur Not tut es auch ein VW Bus.\u00a0 Hierzu sind schon Anfragen herausgegeben, bisher allerdings noch keinerlei Zusagen eingegangen. Wie \u00fcblich kann f\u00fcr das Fahrzeug eine Sachspendenquittung f\u00fcr das Finanzamt ausgeschrieben werden. Zudem werden noch Sachspenden gesucht, die in Fangasso ausgegeben werden k\u00f6nnen. Weitere Details hierzu folgen in den n\u00e4chsten zwei Wochen.<\/p>\n<p><b>Top Themen der Fahrt:<\/b><\/p>\n<ol>\n<li>Sachmittelsuche \/ Centre de Sante \/ Schule<\/li>\n<li>Finanzierung der Kantine<\/li>\n<li>Eventuelle Kooperation mit ans\u00e4ssiger NGO<\/li>\n<li>Suche eines zuverl\u00e4ssigen Bauunternehmens in Mali<\/li>\n<li>Antragstellung bei der Deutschen Botschaft f\u00fcr Kleinstprojekte<\/li>\n<li>Kontakt mit der Welthungerhilfe in Mali<\/li>\n<\/ol>\n<p>Weitere Informationen folgen. Falls Partnervereine aus dem Netzwerk Mali-Hilfe etwas mitgeben m\u00f6chten, bitte melden.<\/p>\n<p>Gr\u00fc\u00dfe, Johannes Albers<\/p>\n","protected":false},"excerpt":{"rendered":"<p>N\u00e4chste Fahrt in Planung \u2013 Starttermin f\u00fcr Anfang Januar\u00a02015 angepeilt! Die n\u00e4chste Reise steht bevor und soweit \u00fcberhaupt in diesen unsicheren Zeiten geplant werden kann, soll diese im Januar durchgef\u00fchrt werden. Zur Umsetzung muss zuerst ein \u00fcblicher Transporter gefunden werden. &hellip; <a href=\"http:\/\/www.xact-live.de\/mali-netz\/2015\/11\/18\/africa-co-operation-e-v-fahrt-nach-mali-in-planung\/\">Weiterlesen <span class=\"meta-nav\">&rarr;<\/span><\/a><\/p>\n","protected":false},"author":3,"featured_media":0,"comment_status":"open","ping_status":"open","sticky":false,"template":"","format":"standard","meta":{"footnotes":""},"categories":[1,10],"tags":[],"class_list":["post-332","post","type-post","status-publish","format-standard","hentry","category-allgemein","category-information"],"_links":{"self":[{"href":"http:\/\/www.xact-live.de\/mali-netz\/wp-json\/wp\/v2\/posts\/332"}],"collection":[{"href":"http:\/\/www.xact-live.de\/mali-netz\/wp-json\/wp\/v2\/posts"}],"about":[{"href":"http:\/\/www.xact-live.de\/mali-netz\/wp-json\/wp\/v2\/types\/post"}],"author":[{"embeddable":true,"href":"http:\/\/www.xact-live.de\/mali-netz\/wp-json\/wp\/v2\/users\/3"}],"replies":[{"embeddable":true,"href":"http:\/\/www.xact-live.de\/mali-netz\/wp-json\/wp\/v2\/comments?post=332"}],"version-history":[{"count":2,"href":"http:\/\/www.xact-live.de\/mali-netz\/wp-json\/wp\/v2\/posts\/332\/revisions"}],"predecessor-version":[{"id":334,"href":"http:\/\/www.xact-live.de\/mali-netz\/wp-json\/wp\/v2\/posts\/332\/revisions\/334"}],"wp:attachment":[{"href":"http:\/\/www.xact-live.de\/mali-netz\/wp-json\/wp\/v2\/media?parent=332"}],"wp:term":[{"taxonomy":"category","embeddable":true,"href":"http:\/\/www.xact-live.de\/mali-netz\/wp-json\/wp\/v2\/categories?post=332"},{"taxonomy":"post_tag","embeddable":true,"href":"http:\/\/www.xact-live.de\/mali-netz\/wp-json\/wp\/v2\/tags?post=332"}],"curies":[{"name":"wp","href":"https:\/\/api.w.org\/{rel}","templated":true}]}}