{"id":298,"date":"2015-05-25T11:35:34","date_gmt":"2015-05-25T09:35:34","guid":{"rendered":"http:\/\/www.xact-live.de\/mali-netz\/?p=298"},"modified":"2015-05-25T11:37:05","modified_gmt":"2015-05-25T09:37:05","slug":"2-juni-2015-14-uhr-solidaritaetskundgebung-malische-botschaft-in-berlin-landgrabbing-stoppen","status":"publish","type":"post","link":"http:\/\/www.xact-live.de\/mali-netz\/2015\/05\/25\/2-juni-2015-14-uhr-solidaritaetskundgebung-malische-botschaft-in-berlin-landgrabbing-stoppen\/","title":{"rendered":"2. Juni 2015, 14 Uhr: Solidarit\u00e4tskundgebung malische Botschaft in Berlin &#8211; Landgrabbing stoppen"},"content":{"rendered":"<p>Das transnationales Netzwerk Afrique-Europe-Interact unterst\u00fczt seit l\u00e4ngerem die BewohnerInnen von Sanamadougou und Sahou in Mali bei ihrem Kampf zur R\u00fcckgabe des ihnen geraubten Landes. In diesem Sinne plant nun die von Afrique-Europe-Interact mitgegr\u00fcndete b\u00e4uerliche Basisgewerkschaft COPON, ab n\u00e4chsten <b>Dienstag, 02.06.2015<\/b>, zusammen mit Sanamadougou und Sahou ein <b>unbefristets Sit-In<\/b> durchzuf\u00fchren. Denn vieles ist inzwischen in Bewegungen gekommen, auch durch Druck, der aus Deutschland hergestellt werden konnte, weshalb nun (kurz vor Beginn der Regenzeit) nochmal das Thema nach vorne gebracht werden soll.<\/p>\n<p><b>Vor diesem Hintergrund ruft unser Netzwerk nicht nur zu Spenden auf, sondern auch zu einer Solidarit\u00e4tskundgebung am 02.06.2015 vor der malischen Botschaft in Berlin. <\/b><\/p>\n<p>Eines von vielen Beispielen ist Mali in Westafrika, wo b\u00e4uerliche Communities bereits seit langem von Landgrabbing betroffen sind, also davon, dass ihr Land durch staatliche Beh\u00f6rden brutal und entsch\u00e4digungslos enteignet wird &#8211; sei es f\u00fcr (global operierende) Banken, Investmentfonds oder Agrobusinesskonzerne, sei es f\u00fcr korrupte Beamt_innen und Politiker_innen.<\/p>\n<p>Traurige Ber\u00fchmtheit haben diesbez\u00fcglich die beiden D\u00f6rfer Sanamadougou und Sahou 270 Kilometer nord\u00f6stlich der Hauptstadt Bamako erlangt. Sie haben seit 2010 nahezu s\u00e4mtliche ihrer Fl\u00e4chen verloren, verantwortlich ist der malische <b><i>Gro\u00dfinvestor Modibo Keita<\/i><\/b>, ein bestens mit der politischen Klasse Malis vernetzter Gesch\u00e4ftsmann.<\/p>\n<p>Ergebnis ist, dass <b><i>5.000 Menschen mittlerweile vor dem Nichts stehen<\/i><\/b>. Zahlreiche Bewohner_innen haben die D\u00f6rfer bereits verlassen (vor allem die j\u00fcngeren), andere arbeiten als Tagel\u00f6hner_innen auf weit entfernten Feldern oder sind auf Unterst\u00fctzung durch andere D\u00f6rfer oder Familienangeh\u00f6rige angewiesen.<\/p>\n<p>Das dr\u00e4ngendste Problem ist der Hunger &#8211; und das in einer Region, die dank ihrer bestens an die schwierigen klimatischen Verh\u00e4ltnisse angepassten agro-forstwirtschaftlichen Anbauweise Hunger bislang kaum gekannt hat. Doch Sanamadougou und Sahou sind bei weitem nicht die einzigen D\u00f6rfer, die betroffen sind, zudem ist Landgrabbing bei weiterem nicht das einzige Problem, mit dem Kleinbauern und -b\u00e4uer_innen in Mali zu k\u00e4mpfen haben.<\/p>\n<p>Vielmehr kommt in diesem Zusammenhang auch eine langj\u00e4hrige Geschichte von Ausbeutung und gezielter Zerschlagung von Existenzgrundlagen zum Tragen &#8211; insbesondere durch IWF, Weltbank und Co, die L\u00e4ndern wie Mali bereits seit den 1980er Jahren jene Strukturanpassungsprogramme aufgezwungen haben, die mittlerweile auch in Griechenland zu einer handfesten sozialen Katastrophe gef\u00fchrt haben.<\/p>\n<p><a href=\"http:\/\/afrique-europe-interact.net\/607-0-Hintergrund-Vorschau.html\">http:\/\/afrique-europe-interact.net\/607-0-Hintergrund-Vorschau.html<\/a><\/p>\n<p><a href=\"http:\/\/afrique-europe-interact.net\/1347-0-Werkstattbericht-Office-du-Niger.html\" target=\"_blank\"><span style=\"font-family: Times new roman, serif;\"><span style=\"font-size: medium;\">http:\/\/afrique-europe-interact.net\/1347-0-Werkstattbericht-Office-du-Niger.html<\/span><\/span><\/a><\/p>\n<p>&nbsp;<\/p>\n<p>&nbsp;<\/p>\n","protected":false},"excerpt":{"rendered":"<p>Das transnationales Netzwerk Afrique-Europe-Interact unterst\u00fczt seit l\u00e4ngerem die BewohnerInnen von Sanamadougou und Sahou in Mali bei ihrem Kampf zur R\u00fcckgabe des ihnen geraubten Landes. In diesem Sinne plant nun die von Afrique-Europe-Interact mitgegr\u00fcndete b\u00e4uerliche Basisgewerkschaft COPON, ab n\u00e4chsten Dienstag, 02.06.2015, &hellip; <a href=\"http:\/\/www.xact-live.de\/mali-netz\/2015\/05\/25\/2-juni-2015-14-uhr-solidaritaetskundgebung-malische-botschaft-in-berlin-landgrabbing-stoppen\/\">Weiterlesen <span class=\"meta-nav\">&rarr;<\/span><\/a><\/p>\n","protected":false},"author":3,"featured_media":0,"comment_status":"open","ping_status":"open","sticky":false,"template":"","format":"standard","meta":{"footnotes":""},"categories":[10,7,9],"tags":[],"class_list":["post-298","post","type-post","status-publish","format-standard","hentry","category-information","category-netzwerk","category-veranstaltungen"],"_links":{"self":[{"href":"http:\/\/www.xact-live.de\/mali-netz\/wp-json\/wp\/v2\/posts\/298"}],"collection":[{"href":"http:\/\/www.xact-live.de\/mali-netz\/wp-json\/wp\/v2\/posts"}],"about":[{"href":"http:\/\/www.xact-live.de\/mali-netz\/wp-json\/wp\/v2\/types\/post"}],"author":[{"embeddable":true,"href":"http:\/\/www.xact-live.de\/mali-netz\/wp-json\/wp\/v2\/users\/3"}],"replies":[{"embeddable":true,"href":"http:\/\/www.xact-live.de\/mali-netz\/wp-json\/wp\/v2\/comments?post=298"}],"version-history":[{"count":2,"href":"http:\/\/www.xact-live.de\/mali-netz\/wp-json\/wp\/v2\/posts\/298\/revisions"}],"predecessor-version":[{"id":300,"href":"http:\/\/www.xact-live.de\/mali-netz\/wp-json\/wp\/v2\/posts\/298\/revisions\/300"}],"wp:attachment":[{"href":"http:\/\/www.xact-live.de\/mali-netz\/wp-json\/wp\/v2\/media?parent=298"}],"wp:term":[{"taxonomy":"category","embeddable":true,"href":"http:\/\/www.xact-live.de\/mali-netz\/wp-json\/wp\/v2\/categories?post=298"},{"taxonomy":"post_tag","embeddable":true,"href":"http:\/\/www.xact-live.de\/mali-netz\/wp-json\/wp\/v2\/tags?post=298"}],"curies":[{"name":"wp","href":"https:\/\/api.w.org\/{rel}","templated":true}]}}