{"id":290,"date":"2015-03-14T20:40:20","date_gmt":"2015-03-14T18:40:20","guid":{"rendered":"http:\/\/www.xact-live.de\/mali-netz\/?p=290"},"modified":"2015-05-23T13:27:30","modified_gmt":"2015-05-23T11:27:30","slug":"foerderung-von-kleinstmassnahmen-der-botschaft-in-mali","status":"publish","type":"post","link":"http:\/\/www.xact-live.de\/mali-netz\/2015\/03\/14\/foerderung-von-kleinstmassnahmen-der-botschaft-in-mali\/","title":{"rendered":"F\u00f6rderung von Kleinstma\u00dfnahmen der Botschaft in Mali"},"content":{"rendered":"<p>Wir, africa-co-operation e.V., m\u00f6chten bei der Deutschen Botschaft diesen Antrag auf F\u00f6rderung vob Kleinstprojekten stellen. Bevor ich mich offiziell an die Botschaft wende m\u00f6chte ich erfahren, ob irgendwer aus dem Netzwerk dieses schon mal gemacht hat und welche Erfahrungen es dabei gab. <em><strong>Bitte meldet euch per Komentar oder Mail.<\/strong> Ich denke wir erf\u00fcllen die unten angegebenen Richtlienen. Die Rot gekennzeichneten m\u00fcssen gepr\u00fcft werden was darunter zu verstehen ist.<\/em><\/p>\n<p>Unser Projekt: Wir m\u00f6chten f\u00fcr die Schule in Fangasso eine Kantine bauen f\u00fcr ca. 100 Sch\u00fcler, die nicht von Pflegeeltern regelm\u00e4\u00dfig gut versorgt werden k\u00f6nnen. Der Schulgarten, der zur Belieferung dient, ist bereits 2013 umgesetzt worden. Reis und andere Grundnahrungsmittel m\u00fcssen zugekauft werden.<\/p>\n<p><strong>RICHTLINIEN ZUR DURCHF\u00dcHRUNG VON KLEINSTMASSNAHMEN DER TZ DURCH DEUTSCHE AUSLANDSVERTRETUNGEN<\/strong><\/p>\n<p><strong>F\u00f6rderungsw\u00fcrdig sind Kleinstma\u00dfnahmen, die<\/strong><\/p>\n<ul>\n<li>durch den einheimischen, qualifizierten Tr\u00e4ger (z.B. Nichtregierungsorgansiationen, Selbsthilfegruppen, \u00f6rtliche Beh\u00f6rden, Kirchen, o.\u00e4.) nicht selbst finanziert werden k\u00f6nnen. Eigenleistungen des Tr\u00e4gers\u00a0 und Mitarbeit der einheimischen Bev\u00f6lkerung und eine nachhaltige Wirkung\u00a0 der Ma\u00dfnahme sind vorzusehen.<\/li>\n<li>Einen Zuwendungsbetrag von bis zu 8.000,&#8211; \u20ac nicht \u00fcberschreiten, wobei in begr\u00fcndeten F\u00e4llen Zuwendungen in H\u00f6he von bis zu 13.000,&#8211; \u20ac m\u00f6glich sind. Die Auslandsvertretung entscheidet in eigener Verantwortung \u00fcber einen h\u00f6heren Zuwendungsbetrag.<\/li>\n<li>So ausgerichtet sind, dass notwendige Sachg\u00fcter in der Regel im Kooperationsland oder in benachbarten L\u00e4ndern beschafft werden k\u00f6nnen. Notwendige Kosten f\u00fcr Fachkr\u00e4fte f\u00fcr die Installation von im Rahmen einer Kleinstma\u00dfnahme gelieferten Ger\u00e4te o.\u00c4. k\u00f6nnen \u00fcbernommen werden und sind im Kostenplan gesondert aufzuf\u00fchren. Personalkosten des Projekttr\u00e4gers oder der die Zuwendung vermittelnden Einrichtung (L\u00f6hne, Geh\u00e4lter oder Honorare) oder der von der AV ausgew\u00e4hlten Vertrauensperson wie auch deren anteilige Verwaltungs- sowie Reisekosten sind nicht zuwendungsf\u00e4hig.<\/li>\n<li>in\u00a0 sich geschlossene Ma\u00dfnahmen darstellen, d.h. zu keinen wiederkehrenden Verpflichtungen (z.B. f\u00fcr laufenden Bedarf an Verbrauchsg\u00fctern wie Futtermittel, Arzneimittel, Stoffe, Wolle, Farben usw.) f\u00fchren. Im Rahmen von Anschubfinanzierungen d\u00fcrfen Vorprodukte und Verbrauchsmaterialien f\u00fcr einen Zeitraum von bis zu sechs Monaten bezuschusst werden.<\/li>\n<\/ul>\n<p><strong>Nicht in Betracht kommen Ma\u00dfnahmen:<\/strong><\/p>\n<ul>\n<li>die der F\u00f6rderung von Einzelpersonen oder bereits privilegierten Gruppen dienen,<\/li>\n<li>die der humanit\u00e4ren Hilfe in Krisen- und Katastrophenf\u00e4llen oder der <span style=\"color: #ff6600;\">Nahrungsmittelhilfe<\/span> zuzurechnen sind,<\/li>\n<li><span style=\"color: #ff6600;\">deren Folgekosten vom Projekttr\u00e4ger nicht \u00fcbernommen werden k\u00f6nnen oder eine Bestands- bzw. Wirksamkeitsdauer von weniger als zwei Jahren haben<\/span>.<\/li>\n<li>f\u00fcr die ein anderer Haushaltstitel des Bundes einschl\u00e4gig ist (z.B. f\u00fcr die F\u00f6rderung der deutschen Sprache oder der Erhaltung des kulturellen Erbes), sowie in erster Linie Beh\u00f6rden oder sonstige staatlichen Institutionen des Gastlandes zugute kommen, ohne hinreichende Auswirkungen in Richtung auf eine Verbesserung der Lebensumst\u00e4nde der \u00f6rtlichen Bev\u00f6lkerung zu haben (z.B. B\u00fcrgermeisteramt),<\/li>\n<li>die den polizeilichen oder milit\u00e4rischen Bereich betreffen,<\/li>\n<li><strong>die in erster Linie dem \u201egood-will\u201c oder der Repr\u00e4sentation und Kontaktpflege der AV dienen.<\/strong><\/li>\n<\/ul>\n","protected":false},"excerpt":{"rendered":"<p>Wir, africa-co-operation e.V., m\u00f6chten bei der Deutschen Botschaft diesen Antrag auf F\u00f6rderung vob Kleinstprojekten stellen. Bevor ich mich offiziell an die Botschaft wende m\u00f6chte ich erfahren, ob irgendwer aus dem Netzwerk dieses schon mal gemacht hat und welche Erfahrungen es &hellip; <a href=\"http:\/\/www.xact-live.de\/mali-netz\/2015\/03\/14\/foerderung-von-kleinstmassnahmen-der-botschaft-in-mali\/\">Weiterlesen <span class=\"meta-nav\">&rarr;<\/span><\/a><\/p>\n","protected":false},"author":3,"featured_media":0,"comment_status":"open","ping_status":"open","sticky":false,"template":"","format":"standard","meta":{"footnotes":""},"categories":[10,7],"tags":[],"class_list":["post-290","post","type-post","status-publish","format-standard","hentry","category-information","category-netzwerk"],"_links":{"self":[{"href":"http:\/\/www.xact-live.de\/mali-netz\/wp-json\/wp\/v2\/posts\/290"}],"collection":[{"href":"http:\/\/www.xact-live.de\/mali-netz\/wp-json\/wp\/v2\/posts"}],"about":[{"href":"http:\/\/www.xact-live.de\/mali-netz\/wp-json\/wp\/v2\/types\/post"}],"author":[{"embeddable":true,"href":"http:\/\/www.xact-live.de\/mali-netz\/wp-json\/wp\/v2\/users\/3"}],"replies":[{"embeddable":true,"href":"http:\/\/www.xact-live.de\/mali-netz\/wp-json\/wp\/v2\/comments?post=290"}],"version-history":[{"count":2,"href":"http:\/\/www.xact-live.de\/mali-netz\/wp-json\/wp\/v2\/posts\/290\/revisions"}],"predecessor-version":[{"id":292,"href":"http:\/\/www.xact-live.de\/mali-netz\/wp-json\/wp\/v2\/posts\/290\/revisions\/292"}],"wp:attachment":[{"href":"http:\/\/www.xact-live.de\/mali-netz\/wp-json\/wp\/v2\/media?parent=290"}],"wp:term":[{"taxonomy":"category","embeddable":true,"href":"http:\/\/www.xact-live.de\/mali-netz\/wp-json\/wp\/v2\/categories?post=290"},{"taxonomy":"post_tag","embeddable":true,"href":"http:\/\/www.xact-live.de\/mali-netz\/wp-json\/wp\/v2\/tags?post=290"}],"curies":[{"name":"wp","href":"https:\/\/api.w.org\/{rel}","templated":true}]}}