{"id":277,"date":"2015-03-01T14:26:13","date_gmt":"2015-03-01T12:26:13","guid":{"rendered":"http:\/\/www.xact-live.de\/mali-netz\/?p=277"},"modified":"2017-12-26T19:23:22","modified_gmt":"2017-12-26T17:23:22","slug":"kultur-und-informationsveranstaltung-zu-gesellschaftspolitischen-fragen-und-der-aktuellen-lage-in-mali-21-maerz-2015-ab-1430-uhr","status":"publish","type":"post","link":"http:\/\/www.xact-live.de\/mali-netz\/2015\/03\/01\/kultur-und-informationsveranstaltung-zu-gesellschaftspolitischen-fragen-und-der-aktuellen-lage-in-mali-21-maerz-2015-ab-1430-uhr\/","title":{"rendered":"Kultur- und Informationsveranstaltung zu gesellschaftspolitischen Fragen und der aktuellen Lage in Mali, 21. M\u00e4rz 2015"},"content":{"rendered":"<p style=\"text-align: left;\">Einladung<br \/>\nDer Vorstand des A.I.M.A. e.V. hat die Ehre Sie zur<em><strong> Troisi\u00e8me journ\u00e9e culturelle et de r\u00e9flexion sur le Mali \/ JRM 2015<\/strong><\/em> einzuladen.<br \/>\nDritte Auflage unserer j\u00e4hrlichen Kultur- und Informationsveranstaltung zu Mali-<br \/>\nspezifischen gesellschaftspolitischen Fragestellungen sowie zur aktuellen Lage in Mali.<br \/>\nDie Veranstaltung findet am <strong>21. M\u00e4rz 2015<\/strong>, ab 14:30 Uhr B\u00fcrgerhaus Zollstock, Rosenzweigweg 3, in K\u00f6ln statt.<!--more--><br \/>\nAgenda:<br \/>\n<strong>1. Podiumsdiskussion zum Thema:<\/strong><br \/>\n\u00abDie soziokulturellen Werte Malis:<br \/>\nWelches Einflusspotential haben sie auf den Friedensprozess?\u00bb<br \/>\nG\u00e4ste:<br \/>\n\u2022 Dr. habil. Mohamed Tour\u00e9<br \/>\nInstitut f\u00fcr Afrikanistik an der Universit\u00e4t zu K\u00f6ln; Arbeitsschwerpunkte: Mali<br \/>\nund die westafrikanischen K\u00f6nigreiche in der deutschen Literatur bis 1900;<br \/>\nBambara (Grammatik, Konversation, Literatur)\u2022 Peter Brucker<br \/>\nRektor a.D., Pr\u00e4sident von \u201eMALI-HILFE e.V.\u201c<br \/>\n\u2022 Hans Finger<br \/>\nSportjournalist, Vorstandsmitglied \u201eSterntaler e.V.\u201c K\u00f6ln<br \/>\n\u2022 Dr. Sebastien Rival<br \/>\nProfessor im romanistischen Seminar an der Universit\u00e4t zu K\u00f6ln<br \/>\n<strong>2. Pr\u00e4sentation der Vereinsbilanz des scheidenden Vorstands<\/strong><br \/>\n<strong>3. Wahl eines neuen Vorstands<\/strong><br \/>\n<strong> 4. Ausklang bei Musik und Tanz, interkulturellem Austausch und<\/strong><br \/>\n<strong> gem\u00fctlichem Beisammensein<\/strong><br \/>\nWeitere Einzelheiten entnehmen Sie bitte dem beigef\u00fcgten Programm.<br \/>\nIn Anbetracht der kulturellen und informativen Reichhaltigkeit der Veranstaltung z\u00e4hlt<br \/>\nA.I.M.A. e.V. sehr auf Ihre Teilnahme und freut sich auf Ihr zahlreiches Erscheinen.<br \/>\nVielen Dank!<br \/>\nK\u00f6ln, den 08.02.2015<br \/>\nMouhamadou Sissoko \u2013 Vorstandsvorsitzender A.I.M.A. e.V.<\/p>\n<p style=\"text-align: left;\">Download Programm unter: <a title=\"Programm\" href=\"http:\/\/www.xact-live.de\/wp-content\/uploads\/2015\/03\/Aima.jpghttp:\/\/\" target=\"_blank\" rel=\"noopener\">Programm<\/a><\/p>\n<p style=\"text-align: center;\">\n","protected":false},"excerpt":{"rendered":"<p>Einladung Der Vorstand des A.I.M.A. e.V. hat die Ehre Sie zur Troisi\u00e8me journ\u00e9e culturelle et de r\u00e9flexion sur le Mali \/ JRM 2015 einzuladen. Dritte Auflage unserer j\u00e4hrlichen Kultur- und Informationsveranstaltung zu Mali- spezifischen gesellschaftspolitischen Fragestellungen sowie zur aktuellen Lage &hellip; <a href=\"http:\/\/www.xact-live.de\/mali-netz\/2015\/03\/01\/kultur-und-informationsveranstaltung-zu-gesellschaftspolitischen-fragen-und-der-aktuellen-lage-in-mali-21-maerz-2015-ab-1430-uhr\/\">Weiterlesen <span class=\"meta-nav\">&rarr;<\/span><\/a><\/p>\n","protected":false},"author":3,"featured_media":0,"comment_status":"open","ping_status":"open","sticky":false,"template":"","format":"standard","meta":{"footnotes":""},"categories":[10,7,9],"tags":[],"class_list":["post-277","post","type-post","status-publish","format-standard","hentry","category-information","category-netzwerk","category-veranstaltungen"],"_links":{"self":[{"href":"http:\/\/www.xact-live.de\/mali-netz\/wp-json\/wp\/v2\/posts\/277"}],"collection":[{"href":"http:\/\/www.xact-live.de\/mali-netz\/wp-json\/wp\/v2\/posts"}],"about":[{"href":"http:\/\/www.xact-live.de\/mali-netz\/wp-json\/wp\/v2\/types\/post"}],"author":[{"embeddable":true,"href":"http:\/\/www.xact-live.de\/mali-netz\/wp-json\/wp\/v2\/users\/3"}],"replies":[{"embeddable":true,"href":"http:\/\/www.xact-live.de\/mali-netz\/wp-json\/wp\/v2\/comments?post=277"}],"version-history":[{"count":9,"href":"http:\/\/www.xact-live.de\/mali-netz\/wp-json\/wp\/v2\/posts\/277\/revisions"}],"predecessor-version":[{"id":562,"href":"http:\/\/www.xact-live.de\/mali-netz\/wp-json\/wp\/v2\/posts\/277\/revisions\/562"}],"wp:attachment":[{"href":"http:\/\/www.xact-live.de\/mali-netz\/wp-json\/wp\/v2\/media?parent=277"}],"wp:term":[{"taxonomy":"category","embeddable":true,"href":"http:\/\/www.xact-live.de\/mali-netz\/wp-json\/wp\/v2\/categories?post=277"},{"taxonomy":"post_tag","embeddable":true,"href":"http:\/\/www.xact-live.de\/mali-netz\/wp-json\/wp\/v2\/tags?post=277"}],"curies":[{"name":"wp","href":"https:\/\/api.w.org\/{rel}","templated":true}]}}