{"id":178,"date":"2014-09-21T19:14:13","date_gmt":"2014-09-21T17:14:13","guid":{"rendered":"http:\/\/www.xact-live.de\/mali-netz\/?p=178"},"modified":"2015-05-23T13:25:52","modified_gmt":"2015-05-23T11:25:52","slug":"fachtagung-here-doron-in-der-bambara-sprache-nur-frieden-in-mali-im-august-bebel-institut-11-oktober-2014-berlin","status":"publish","type":"post","link":"http:\/\/www.xact-live.de\/mali-netz\/2014\/09\/21\/fachtagung-here-doron-in-der-bambara-sprache-nur-frieden-in-mali-im-august-bebel-institut-11-oktober-2014-berlin\/","title":{"rendered":"Fachtagung: \u201eH\u00e8r\u00e8 D\u00f2r\u00f2n\u201c (in der Bambara Sprache \u201cnur Frieden in Mali\u201c) im August Bebel Institut, 11.Oktober 2014, Berlin"},"content":{"rendered":"<p>am <b>11.Oktober 2014<\/b>\u00a0 plant Afrikanischer Muslim Kreis (AMK e.V.) in dem Zeitraum vom <b>10. bis 16<\/b><b> Uhr<\/b> eine\u00a0 Fachtagung zum Thema <b>\u201eH\u00e8r\u00e8 D\u00f2r\u00f2n\u201c<\/b> (in Bambara Sprache nur Frieden in Mali) in August Bebel Institut (<b>Erika-He\u00df-Saal &#8211; 4. Etage, Raum 408<\/b>)<\/p>\n<p>Die Fachtagung besch\u00e4ftigt sich mit dem Thema Frieden und Entwicklung in Mali. Ziel ist es, B\u00fcrgerInnen, Botschaften, Diaspora, Entscheidungstr\u00e4gerinnen aus Politiker, Nichtregierungsorganisationen, Studentinnen, Sch\u00fclerinnen, Vertreterinnen von Medien \u00fcber die Situation in Mali, die durch aufflammende Konflikte und Auseinandersetzungen zwischen der malischen Armee und \u00a0Rebellengruppen gekennzeichnet ist.<\/p>\n<p>Im Rahmen der Fachtagung m\u00f6chte AMK e.V. die Auseinandersetzung mit den Konflikten und deren globalen Zusammenh\u00e4ngen sowie die Schaffung und Sicherung von Frieden als eine gesamtgesellschaftliche Aufgabe thematisieren. Dabei soll das Engagement der EU, Frankreich und Deutschland hinterfragt sowie die Rolle der afrikanischen Diaspora\u00a0 im Friedenprozess und den Vers\u00f6hnungsprozess in Ruanda als Fallbeispiel diskutiert werden. Wir w\u00fcrden uns sehr \u00fcber Ihre Teilnahme freuen. Bei Fragen sind wir telefonisch unter 030-914 374 64 erreichbar.<br \/>\nRafiou Yacoubou, E-Mail: <a href=\"mailto:amk-berlin@gmx.de\">amk-berlin@gmx.de<\/a><!--?XML:NAMESPACE PREFIX = \"O\" \/--><\/p>\n","protected":false},"excerpt":{"rendered":"<p>am 11.Oktober 2014\u00a0 plant Afrikanischer Muslim Kreis (AMK e.V.) in dem Zeitraum vom 10. bis 16 Uhr eine\u00a0 Fachtagung zum Thema \u201eH\u00e8r\u00e8 D\u00f2r\u00f2n\u201c (in Bambara Sprache nur Frieden in Mali) in August Bebel Institut (Erika-He\u00df-Saal &#8211; 4. Etage, Raum 408) &hellip; <a href=\"http:\/\/www.xact-live.de\/mali-netz\/2014\/09\/21\/fachtagung-here-doron-in-der-bambara-sprache-nur-frieden-in-mali-im-august-bebel-institut-11-oktober-2014-berlin\/\">Weiterlesen <span class=\"meta-nav\">&rarr;<\/span><\/a><\/p>\n","protected":false},"author":3,"featured_media":0,"comment_status":"open","ping_status":"open","sticky":false,"template":"","format":"standard","meta":{"footnotes":""},"categories":[10,9],"tags":[],"class_list":["post-178","post","type-post","status-publish","format-standard","hentry","category-information","category-veranstaltungen"],"_links":{"self":[{"href":"http:\/\/www.xact-live.de\/mali-netz\/wp-json\/wp\/v2\/posts\/178"}],"collection":[{"href":"http:\/\/www.xact-live.de\/mali-netz\/wp-json\/wp\/v2\/posts"}],"about":[{"href":"http:\/\/www.xact-live.de\/mali-netz\/wp-json\/wp\/v2\/types\/post"}],"author":[{"embeddable":true,"href":"http:\/\/www.xact-live.de\/mali-netz\/wp-json\/wp\/v2\/users\/3"}],"replies":[{"embeddable":true,"href":"http:\/\/www.xact-live.de\/mali-netz\/wp-json\/wp\/v2\/comments?post=178"}],"version-history":[{"count":2,"href":"http:\/\/www.xact-live.de\/mali-netz\/wp-json\/wp\/v2\/posts\/178\/revisions"}],"predecessor-version":[{"id":180,"href":"http:\/\/www.xact-live.de\/mali-netz\/wp-json\/wp\/v2\/posts\/178\/revisions\/180"}],"wp:attachment":[{"href":"http:\/\/www.xact-live.de\/mali-netz\/wp-json\/wp\/v2\/media?parent=178"}],"wp:term":[{"taxonomy":"category","embeddable":true,"href":"http:\/\/www.xact-live.de\/mali-netz\/wp-json\/wp\/v2\/categories?post=178"},{"taxonomy":"post_tag","embeddable":true,"href":"http:\/\/www.xact-live.de\/mali-netz\/wp-json\/wp\/v2\/tags?post=178"}],"curies":[{"name":"wp","href":"https:\/\/api.w.org\/{rel}","templated":true}]}}