{"id":164,"date":"2014-08-22T16:21:32","date_gmt":"2014-08-22T14:21:32","guid":{"rendered":"http:\/\/www.xact-live.de\/mali-netz\/?p=164"},"modified":"2015-05-23T13:28:25","modified_gmt":"2015-05-23T11:28:25","slug":"einladung-zum-netzwerktreffen-netzwerk-malihilfe","status":"publish","type":"post","link":"http:\/\/www.xact-live.de\/mali-netz\/2014\/08\/22\/einladung-zum-netzwerktreffen-netzwerk-malihilfe\/","title":{"rendered":"Einladung zum Netzwerktreffen &#8211; Netzwerk Malihilfe"},"content":{"rendered":"<p align=\"center\">Zu dieser kostenfreien Veranstaltung m\u00f6chten wir alle NGO\u2018s, Initiativen, Aktionsgruppen, Schulen, St\u00e4dtepartner und interessierte Einzelpersonen, die in Mali \/ Westafrika t\u00e4tig sind und dort aktive Hilfe zur Entwicklung leisten, einladen. Auch alle aktiven Malierinnen und Malier sind herzlich eingeladen.<br \/>\nDiesmal findet unser Netzwerktreffen am<\/p>\n<p align=\"center\"><b>20. September 2014 von 10 \u2013 16 Uhr in der VHS G\u00f6ttingen statt.<\/b><\/p>\n<p align=\"center\">\u00a0 \u00a0 \u00a0 \u00a0 \u00a0 \u00a0 \u00a0 \u00a0 \u00a0 \u00a0 \u00a0 \u00a0 Ein Jahr nach \u201eKriegsende\u201c hat sich die Situation etwas entspannt, so dass jetzt wieder eine bessere und gesichertere Arbeit aufgenommen werden k\u00f6nnte. Doch kaum ist ein \u00dcbel \u00fcberwunden, breitet sich EBOLA in Westafrika aus. Ob und wie Mali davon betroffen wird, ist noch nicht abzusehen. Unser Netzwerktreffen bietet die Chance Informationen aus erster Hand zu bekommen, um abzusch\u00e4tzen, wie eine erfolgreiche Arbeit fortgesetzt werden kann.<\/p>\n<p align=\"center\"><b>Networking vs. Einzelk\u00e4mpfer: gemeinsam geht mehr<\/b><\/p>\n<p align=\"center\">Das kostenlose, ehrenamtlich selbstorganisierte Netzwerk Malihilfe dient als Plattform zum Informationsaustausch und zur gegenseitigen Hilfe, die die erfolgreiche Umsetzung von Projekten erleichtert. Innerhalb des Netzwerkes erhalten Sie aktuelle Informationen und Kontakte, die hilfreich und kostensparend genutzt werden k\u00f6nnen. Wir konnten Referenten f\u00fcr vielf\u00e4ltige und interessante Themen gewinnen \u2013 von der Buchautorin bis zu praxisnahen Arbeit der NGO\u2019s.<\/p>\n<p><b>Programm*:<\/b><\/p>\n<table width=\"619\" border=\"0\" cellspacing=\"0\" cellpadding=\"0\">\n<tbody>\n<tr>\n<td valign=\"top\" width=\"111\">\u00a0 9:30 \u2013 \u00a0 10:00 h<\/td>\n<td valign=\"top\" width=\"508\">Get together (Kaffee und Smalltalk)<\/td>\n<\/tr>\n<tr>\n<td valign=\"top\" width=\"111\">10:00 \u2013 10:30 h<\/td>\n<td valign=\"top\" width=\"508\">Begr\u00fc\u00dfung vom a-c-o e.V., sowie Gru\u00dfworte von Peter Brucker (<a href=\"http:\/\/www.mali-hilfe.de\/\">Mali Hilfe e.V<\/a>.)\u00a0u. Herbert Querfurt (Aktion pro Afrika e.V.)<\/td>\n<\/tr>\n<tr>\n<td valign=\"top\" width=\"111\">10:30 \u2013 11:15 h<\/td>\n<td valign=\"top\" width=\"508\">Vorstellung der Teilnehmer: \u00a0Wer macht was?<\/td>\n<\/tr>\n<tr>\n<td valign=\"top\" width=\"111\">11:15 \u2013 12:00 h<\/td>\n<td valign=\"top\" width=\"508\">Vorstellung und Entwicklung des Projektes \u201e<i>Get a smile!<\/i>\u201c\u00a0 G. Grigo \/ J. Albers \/ A. Dieterich,\u00a0<a href=\"http:\/\/www.xact-live.de\">africa-co-operation e.V<\/a>.,<\/td>\n<\/tr>\n<tr>\n<td valign=\"top\" width=\"111\">12:00 \u2013 12:30 h<\/td>\n<td valign=\"top\" width=\"508\">Mittagspause<\/td>\n<\/tr>\n<tr>\n<td valign=\"top\" width=\"111\">12:30 \u2013 13:15 h<\/td>\n<td valign=\"top\" width=\"508\">Vielfalt der malische Kultur u. Musik in Gefahr?,\u00a0 Dr. E. Brandes <a href=\"http:\/\/www.benkadi.org\">Benkadi e.V.<\/a> \u2013 Berlin<\/td>\n<\/tr>\n<tr>\n<td valign=\"top\" width=\"111\">13:15 \u2013 14:00 h<\/td>\n<td valign=\"top\" width=\"508\">Vorstellung des Entwicklungspolitischen\u00a0Informationszentrums G\u00f6ttingen (<a href=\"http:\/\/www.epiz-goettingen.de\/\">EPIZ<\/a>) und der Arbeit der Eine-Welt-Regionalpromotorin f\u00fcr S\u00fcdniedersachsen, Noreen Hirschfeld<\/td>\n<\/tr>\n<tr>\n<td valign=\"top\" width=\"111\">14:00 \u2013 14:15 h<\/td>\n<td valign=\"top\" width=\"508\">Kaffeepause<\/td>\n<\/tr>\n<tr>\n<td valign=\"top\" width=\"111\">14:15 \u2013 15:00 h<\/td>\n<td valign=\"top\" width=\"508\">Mali oder das Ringen um W\u00fcrde, Buchvorstellung von <a href=\"http:\/\/www.charlottewiedemann.de\/\">Charlotte Wiedemann<\/a>, Journalistin f\u00fcr Zeit, Geo u. a. mit Reportagen aus Asien, Arabien, Afrika<\/td>\n<\/tr>\n<tr>\n<td valign=\"top\" width=\"111\">15:00 \u2013 15:30 h<\/td>\n<td valign=\"top\" width=\"508\">Entwicklung des Kreises Kolokani, Vorstellung einer nachhaltigen Projektentwicklung in drei Bereichen (Qualifizierung\/Bildung, Handwerk, Landwirtschaft \/ Natur), Gerold Mehrmann,\u00a0<a href=\"http:\/\/einewelt.rlp.de\/nc\/akteure-projekte\/detail\/Akteuer\/foerderverein-kolokani-ev\/\">F\u00f6rderverein Kolokani e.V<\/a>.<\/td>\n<\/tr>\n<tr>\n<td valign=\"top\" width=\"111\">15:30 \u2013 16:00 h<\/td>\n<td valign=\"top\" width=\"508\">Netzwerken als Chance \u2013 Warum ist Networking so \u00a0 erfolgreich, Information aus der Praxis, Anregungen und Austausch, Diskussion,\u00a0G. Grigo \/ J. Albers, africa-co-operation e.V.,<\/td>\n<\/tr>\n<tr>\n<td valign=\"top\" width=\"111\">16:00 \u2013 16:30 h<\/td>\n<td valign=\"top\" width=\"508\">Get together, Gruppenfoto, Ausklang der Veranstaltung mit Kontaktaustausch<\/td>\n<\/tr>\n<\/tbody>\n<\/table>\n<p><b>*<\/b>leichte Ver\u00e4nderungen sind kurzfristig m\u00f6glich, auch versuchen wir noch einen Vortrag zum Thema EBOLA vom Tropenhygieneinstitut zu bekommen.<\/p>\n<p><b>Bitte melden Sie sich an, zwecks Planung:<\/b><\/p>\n<p>Ausgerichtet wird das Netzwerktreffen diesmal von africa-co-operation e.V.\u00a0 Um Raumgr\u00f6\u00dfe und Verpflegung zu planen, bitte ich Sie\/Euch mir die Teilnahme unter <a href=\"mailto:info@africa-co-operation.de\">info@africa-co-operation.de<\/a>\u00a0 kurz zu best\u00e4tigen.<\/p>\n<p><b>Veranstaltungsinfo:<\/b><\/p>\n<p>Ort:\u00a0 VHS G\u00f6ttingen, Bahnhofalle 7, 37081 (300 m vom Bahnhof entfernt)<br \/>\nKostenlose Parkpl\u00e4tze sind am Sch\u00fctzenplatz (ca. 500 m Fu\u00dfweg)<br \/>\nDatum: 20.September 2014, 10 \u2013 16 Uhr<br \/>\nVeranstalter: africa-co-operation e.V., Reinh\u00e4user Str. 1, 37130 Gleichen,<br \/>\nTel.: 0175 859 5334<\/p>\n<p>Johannes Albers u. Gerhard Grigo<br \/>\n(Vorstand, africa-co-operation e.V.)<\/p>\n<table border=\"0\" cellspacing=\"0\" cellpadding=\"0\">\n<tbody>\n<tr>\n<td valign=\"top\" width=\"307\"><b> \u00a0\u00a0 \u00a0\u00a0 \u00a0\u00a0\u00a0 \u00a0\u00a0\u00a0 \u00a0\u00a0\u00a0 \u00a0\u00a0\u00a0 \u00a0\u00a0\u00a0 \u00a0\u00a0\u00a0 \u00a0\u00a0\u00a0 \u00a0\u00a0\u00a0 \u00a0\u00a0\u00a0 \u00a0\u00a0\u00a0 \u00a0\u00a0\u00a0 \u00a0\u00a0\u00a0 \u00a0\u00a0 \u00a0\u00a0 \u00a0\u00a0 \u00a0 \u00a0\u00a0 \u00a0 <\/b><b><\/b><\/td>\n<td valign=\"top\" width=\"307\"><b> \u00a0\u00a0 \u00a0 <\/b><b><\/b><\/td>\n<\/tr>\n<\/tbody>\n<\/table>\n","protected":false},"excerpt":{"rendered":"<p>Zu dieser kostenfreien Veranstaltung m\u00f6chten wir alle NGO\u2018s, Initiativen, Aktionsgruppen, Schulen, St\u00e4dtepartner und interessierte Einzelpersonen, die in Mali \/ Westafrika t\u00e4tig sind und dort aktive Hilfe zur Entwicklung leisten, einladen. Auch alle aktiven Malierinnen und Malier sind herzlich eingeladen. Diesmal &hellip; <a href=\"http:\/\/www.xact-live.de\/mali-netz\/2014\/08\/22\/einladung-zum-netzwerktreffen-netzwerk-malihilfe\/\">Weiterlesen <span class=\"meta-nav\">&rarr;<\/span><\/a><\/p>\n","protected":false},"author":3,"featured_media":0,"comment_status":"open","ping_status":"open","sticky":false,"template":"","format":"standard","meta":{"footnotes":""},"categories":[10,9],"tags":[],"class_list":["post-164","post","type-post","status-publish","format-standard","hentry","category-information","category-veranstaltungen"],"_links":{"self":[{"href":"http:\/\/www.xact-live.de\/mali-netz\/wp-json\/wp\/v2\/posts\/164"}],"collection":[{"href":"http:\/\/www.xact-live.de\/mali-netz\/wp-json\/wp\/v2\/posts"}],"about":[{"href":"http:\/\/www.xact-live.de\/mali-netz\/wp-json\/wp\/v2\/types\/post"}],"author":[{"embeddable":true,"href":"http:\/\/www.xact-live.de\/mali-netz\/wp-json\/wp\/v2\/users\/3"}],"replies":[{"embeddable":true,"href":"http:\/\/www.xact-live.de\/mali-netz\/wp-json\/wp\/v2\/comments?post=164"}],"version-history":[{"count":9,"href":"http:\/\/www.xact-live.de\/mali-netz\/wp-json\/wp\/v2\/posts\/164\/revisions"}],"predecessor-version":[{"id":175,"href":"http:\/\/www.xact-live.de\/mali-netz\/wp-json\/wp\/v2\/posts\/164\/revisions\/175"}],"wp:attachment":[{"href":"http:\/\/www.xact-live.de\/mali-netz\/wp-json\/wp\/v2\/media?parent=164"}],"wp:term":[{"taxonomy":"category","embeddable":true,"href":"http:\/\/www.xact-live.de\/mali-netz\/wp-json\/wp\/v2\/categories?post=164"},{"taxonomy":"post_tag","embeddable":true,"href":"http:\/\/www.xact-live.de\/mali-netz\/wp-json\/wp\/v2\/tags?post=164"}],"curies":[{"name":"wp","href":"https:\/\/api.w.org\/{rel}","templated":true}]}}