{"id":151,"date":"2014-08-14T15:00:08","date_gmt":"2014-08-14T13:00:08","guid":{"rendered":"http:\/\/www.xact-live.de\/mali-netz\/?p=151"},"modified":"2015-05-23T13:26:21","modified_gmt":"2015-05-23T11:26:21","slug":"sanamadougou-und-sahou-muessen-bleiben-landraub-stoppen-in-mali-und-ueberall-sonst","status":"publish","type":"post","link":"http:\/\/www.xact-live.de\/mali-netz\/2014\/08\/14\/sanamadougou-und-sahou-muessen-bleiben-landraub-stoppen-in-mali-und-ueberall-sonst\/","title":{"rendered":"Sanamadougou und Sahou m\u00fcssen bleiben: Landraub stoppen \u2013 in Mali und \u00fcberall sonst!"},"content":{"rendered":"<div align=\"center\"><span style=\"font-size: x-large;\"><b>Donnerstag, 21. August 2014, 11-14 Uhr <\/b><\/span><\/div>\n<div><\/div>\n<div style=\"text-align: center;\"><span style=\"font-size: medium;\"><b>Kundgebung vor der malischen Botschaft:<br \/>\nKurf\u00fcrstendamm 72, U-Bahnhof Adenauerplatz <\/b><\/span><\/div>\n<div><\/div>\n<div><\/div>\n<div><span id=\"yiv7330341000yui_3_16_0_1_1407964373927_2845\" style=\"font-size: medium;\">Die BewohnerInnen der beiden D\u00f6rfer Sanamadougou und Saou in Mali sind dringend auf politische und praktische Unterst\u00fctzung und das sofort. <\/span><\/div>\n<div><span id=\"yiv7330341000yui_3_16_0_1_1407964373927_2845\" style=\"font-size: medium;\"><br \/>\nSeit 2009 wurden ihre Fl\u00e4chen St\u00fcck f\u00fcr St\u00fcck von einem Gro\u00dfinvestor geraubt, jetzt sehen sich die BewohnerInnen mit der f\u00fcr sie v\u00f6llig neuen Erfahrung von Hunger konfrontiert. Vor diesem Hintergrund hat das transnationale Netzwerk Afrique-Europe-Interact in einem ersten Schritt den Kauf von 10 Tonnen Hirse im Wert von 2.500 Euro als direkte Soli-Unterst\u00fctzung erm\u00f6glicht \u2013 eine Menge, die allerdings nur drei bis vier Wochen reichen d\u00fcrfte. Dar\u00fcber hinaus rufen wir zu einer Protestaktion vor der malischen Botschaft und\u00a0 dem Bundesministerium f\u00fcr wirtschaftliche Zusammenarbeit und Entwicklung auf \u2013 in Verbindung mit einer demn\u00e4chst beginnenden Faxkampagne.<\/span><\/div>\n<div>Globale Gerechtigkeit e.V<\/div>\n<div><span id=\"yiv7330341000yui_3_16_0_1_1407964373927_4019\" style=\"font-size: small;\"><span id=\"yiv7330341000yui_3_16_0_1_1407964373927_4018\" style=\"font-size: medium;\"><a id=\"yiv7330341000yui_3_16_0_1_1407964373927_4017\" href=\"http:\/\/www.afrique-europe-interact.net\/\" target=\"_blank\" rel=\"nofollow\">www.afrique-europe-interact.net<\/a> <\/span><\/span><\/div>\n<div><\/div>\n","protected":false},"excerpt":{"rendered":"<p>Donnerstag, 21. August 2014, 11-14 Uhr Kundgebung vor der malischen Botschaft: Kurf\u00fcrstendamm 72, U-Bahnhof Adenauerplatz Die BewohnerInnen der beiden D\u00f6rfer Sanamadougou und Saou in Mali sind dringend auf politische und praktische Unterst\u00fctzung und das sofort. Seit 2009 wurden ihre Fl\u00e4chen &hellip; <a href=\"http:\/\/www.xact-live.de\/mali-netz\/2014\/08\/14\/sanamadougou-und-sahou-muessen-bleiben-landraub-stoppen-in-mali-und-ueberall-sonst\/\">Weiterlesen <span class=\"meta-nav\">&rarr;<\/span><\/a><\/p>\n","protected":false},"author":3,"featured_media":0,"comment_status":"open","ping_status":"open","sticky":false,"template":"","format":"standard","meta":{"footnotes":""},"categories":[10],"tags":[],"class_list":["post-151","post","type-post","status-publish","format-standard","hentry","category-information"],"_links":{"self":[{"href":"http:\/\/www.xact-live.de\/mali-netz\/wp-json\/wp\/v2\/posts\/151"}],"collection":[{"href":"http:\/\/www.xact-live.de\/mali-netz\/wp-json\/wp\/v2\/posts"}],"about":[{"href":"http:\/\/www.xact-live.de\/mali-netz\/wp-json\/wp\/v2\/types\/post"}],"author":[{"embeddable":true,"href":"http:\/\/www.xact-live.de\/mali-netz\/wp-json\/wp\/v2\/users\/3"}],"replies":[{"embeddable":true,"href":"http:\/\/www.xact-live.de\/mali-netz\/wp-json\/wp\/v2\/comments?post=151"}],"version-history":[{"count":4,"href":"http:\/\/www.xact-live.de\/mali-netz\/wp-json\/wp\/v2\/posts\/151\/revisions"}],"predecessor-version":[{"id":155,"href":"http:\/\/www.xact-live.de\/mali-netz\/wp-json\/wp\/v2\/posts\/151\/revisions\/155"}],"wp:attachment":[{"href":"http:\/\/www.xact-live.de\/mali-netz\/wp-json\/wp\/v2\/media?parent=151"}],"wp:term":[{"taxonomy":"category","embeddable":true,"href":"http:\/\/www.xact-live.de\/mali-netz\/wp-json\/wp\/v2\/categories?post=151"},{"taxonomy":"post_tag","embeddable":true,"href":"http:\/\/www.xact-live.de\/mali-netz\/wp-json\/wp\/v2\/tags?post=151"}],"curies":[{"name":"wp","href":"https:\/\/api.w.org\/{rel}","templated":true}]}}